{"id":143112,"date":"2025-09-26T13:08:27","date_gmt":"2025-09-26T11:08:27","guid":{"rendered":"https:\/\/www.telemarkmuseum.no\/topping-off-25-09-25\/"},"modified":"2025-10-02T09:00:03","modified_gmt":"2025-10-02T07:00:03","slug":"topping-off-25-09-25","status":"publish","type":"post","link":"https:\/\/www.telemarkmuseum.no\/en\/topping-off-25-09-25\/","title":{"rendered":"Topping-Off 25.09.25"},"content":{"rendered":"\n<section class=\"title grid-12 side-padding \">\n\n<h1>Kranselag 25.09.25<\/h1>\n\n<\/section>\n\n\n\n<section class=\"lead grid-12 side-padding\">\n\n    <div>\n        <p>25. september markerte vi en milep\u00e6l p\u00e5 Henrik Ibsen museum. Taket p\u00e5 l\u00e5ven er ferdig og tradisjon tro, feiret vi med kranselag.<\/p>\n    <\/div>\n    \n<\/section>\n\n\n<section class=\"image grid padding\">\n    <div class=\"img-wrapper\"><img loading=\"lazy\" decoding=\"async\" width=\"1051\" height=\"510\" src=\"https:\/\/www.telemarkmuseum.no\/wp-content\/uploads\/Kranselag-2025-Venstop-sma-15.jpg\" class=\"attachment-full size-full\" alt=\"\" title=\"Kranselag 2025 Venst\u00f8p sm\u00e5 -15\" srcset=\"https:\/\/www.telemarkmuseum.no\/wp-content\/uploads\/Kranselag-2025-Venstop-sma-15.jpg 1051w, https:\/\/www.telemarkmuseum.no\/wp-content\/uploads\/Kranselag-2025-Venstop-sma-15-720x349.jpg 720w, https:\/\/www.telemarkmuseum.no\/wp-content\/uploads\/Kranselag-2025-Venstop-sma-15-768x373.jpg 768w\" sizes=\"auto, (max-width: 1051px) 100vw, 1051px\" \/><\/div><\/section>\n\n\n\n<section class=\"text grid-12 side-padding\">\n        <p>\u00abDet er arbeiderne, h\u00e5ndverkerne og fagfolkene som bygger landet, og i dag skal vi feire de som bygger Henrik Ibsen museum her p\u00e5 Venst\u00f8p i Skien, nye Henrik Ibsen museum.\u00bb Sa prosjektleder Bj\u00f8rn Rudborg.<\/p>\n<\/section>\n\n\n\n<section class=\"text grid-12 side-padding\">\n        <h3>Hva er egentlig et kranselag?<\/h3>\n<p>Et kranselag er en fest gitt av en byggherre til arbeiderne n\u00e5r takkonstruksjonen p\u00e5 et nybygg er ferdig og huset er tett. Tradisjonen inneb\u00e6rer at snekkerne heiser opp en krans eller busk i m\u00f8net p\u00e5 byget. Hvis byggherren spanderer en fest eller en gave innen en uke etter at kransen er satt opp henger snekkerne opp en krans eller et flagg til takk. Hvis ikke, kan snekkerne henge opp en \u00abfillemann\u00bb eller \u00abm\u00f8ns\u00e5skall\u00bb som en markering.<\/p>\n<div class=\"mceTemp\"><\/div>\n<\/section>\n\n\n<section class=\"image grid padding\">\n    <div class=\"img-wrapper\"><img loading=\"lazy\" decoding=\"async\" width=\"1200\" height=\"894\" src=\"https:\/\/www.telemarkmuseum.no\/wp-content\/uploads\/TGM-B.23352.jpg\" class=\"attachment-full size-full\" alt=\"Kranselag p\u00e5 spritfabrikken, Spriten, Kloster\u00f8ya. DigitaltMuseum, Telemark Museum\" title=\"TGM-B.23352\" srcset=\"https:\/\/www.telemarkmuseum.no\/wp-content\/uploads\/TGM-B.23352.jpg 1200w, https:\/\/www.telemarkmuseum.no\/wp-content\/uploads\/TGM-B.23352-720x536.jpg 720w, https:\/\/www.telemarkmuseum.no\/wp-content\/uploads\/TGM-B.23352-768x572.jpg 768w\" sizes=\"auto, (max-width: 1200px) 100vw, 1200px\" \/><\/div><\/section>\n\n\n\n<section class=\"text grid-12 side-padding\">\n        <p><a href=\"https:\/\/digitaltmuseum.org\/011015360236\/byggeplass-klosteroya-spritfabrikken-spriten\/media?slide=0\">Kranselag p\u00e5 spritfabrikken, Spriten, Kloster\u00f8ya. DigitaltMuseum, Telemark Museum<\/a><\/p>\n<\/section>\n\n\n\n<section class=\"text grid-12 side-padding\">\n        <p>Vi vil takke arbeiderne tilknyttet v\u00e5r uts\u00f8kte generalentrepren\u00f8r, Consto AS. G\u00f8ran Dreyer Jonsk\u00e5s som er sjef p\u00e5 byggeplassen. Vi vil ogs\u00e5 takke arbeiderne fra de mange underentrepren\u00f8rene og underleverand\u00f8rene fra Eltera Skagerak, Bravida, TKT Inneklima, Rosbach &amp; Forsland Bygg. Eckholt Maskinentrepren\u00f8r, Malemester Kjelden og Tufte og Elektrosveis.<\/p>\n<p>Byggeriet arbeiderne jobber p\u00e5 likner kanskje p\u00e5 en alminnelig l\u00e5ve, men det er en nasjonal attraksjon, og et av de aller viktigste bevarte kunstnerhjem i dette landet. Etter andre verdenskrig ble v\u00e5ningshuset satt tilbake omtrent 100 \u00e5r. Det som skiller arbeidet p\u00e5 Venst\u00f8p etter krigen og arbeidet n\u00e5, er at vi denne gangen tilbakef\u00f8rer ytterligere 100 \u00e5r, alts\u00e5 totalt 200 \u00e5r. L\u00e5ven, tilbakef\u00f8rer vi ikke, den framf\u00f8rer vi. L\u00e5ven skal bli et visningssted for Henrik Ibsens liv og forfatterskap.<\/p>\n<p>\u00abVi er stolte av dere! Og jeg er sikker p\u00e5 at dere er stolte av egen innsats, dere ogs\u00e5. Jeg merker det hver gang jeg har v\u00e6rt innom. Jeg har merket den gode stemningen, smilet og hyggelige hilsener. Senest for noen dager siden var jeg oppe p\u00e5 taket og snakket om gammel takstein. \u00c5 legge tilbake gammel, brukt takstein er skikkelig komplisert, der ikke en eneste stein er perfekt. Men stemningen og innsatsen var helt topp. Og s\u00e5nn har dere v\u00e6rt alle sammen, vi har f\u00e5tt de aller beste arbeiderne, h\u00e5ndverkerne og fagfolkene hit til Henrik Ibsen museum. Akkurat s\u00e5nn skaper vi en attraksjon. S\u00e5 tusen takk!\u00bb Avslutter prosjektleder.<\/p>\n<\/section>\n\n\n<section class=\"image grid padding\">\n    <div class=\"img-wrapper\"><img loading=\"lazy\" decoding=\"async\" width=\"1051\" height=\"701\" src=\"https:\/\/www.telemarkmuseum.no\/wp-content\/uploads\/Kranselag-2025-Venstop-sma-12.jpg\" class=\"attachment-full size-full\" alt=\"\" title=\"Kranselag 2025 Venst\u00f8p sm\u00e5 -12\" srcset=\"https:\/\/www.telemarkmuseum.no\/wp-content\/uploads\/Kranselag-2025-Venstop-sma-12.jpg 1051w, https:\/\/www.telemarkmuseum.no\/wp-content\/uploads\/Kranselag-2025-Venstop-sma-12-720x480.jpg 720w, https:\/\/www.telemarkmuseum.no\/wp-content\/uploads\/Kranselag-2025-Venstop-sma-12-768x512.jpg 768w\" sizes=\"auto, (max-width: 1051px) 100vw, 1051px\" \/><\/div><\/section>","protected":false},"excerpt":{"rendered":"","protected":false},"author":13,"featured_media":143058,"comment_status":"closed","ping_status":"closed","sticky":false,"template":"","format":"standard","meta":{"_acf_changed":false,"footnotes":""},"categories":[134,129],"tags":[158,222],"class_list":["post-143112","post","type-post","status-publish","format-standard","has-post-thumbnail","hentry","category-latest-news","category-the-henrik-ibsen-museum","tag-henrik-ibsen-museum-en","tag-kranselag-en"],"acf":[],"yoast_head":"<!-- This site is optimized with the Yoast SEO Premium plugin v23.7 (Yoast SEO v26.9) - https:\/\/yoast.com\/product\/yoast-seo-premium-wordpress\/ -->\n<title>Topping-Off 25.09.25 - Telemark museum<\/title>\n<meta name=\"robots\" content=\"index, follow, max-snippet:-1, max-image-preview:large, max-video-preview:-1\" \/>\n<link rel=\"canonical\" href=\"https:\/\/www.telemarkmuseum.no\/en\/topping-off-25-09-25\/\" \/>\n<meta property=\"og:locale\" content=\"en_US\" \/>\n<meta property=\"og:type\" content=\"article\" \/>\n<meta property=\"og:title\" content=\"Topping-Off 25.09.25\" \/>\n<meta property=\"og:url\" content=\"https:\/\/www.telemarkmuseum.no\/en\/topping-off-25-09-25\/\" \/>\n<meta property=\"og:site_name\" content=\"Telemark museum\" \/>\n<meta property=\"article:published_time\" content=\"2025-09-26T11:08:27+00:00\" \/>\n<meta property=\"article:modified_time\" content=\"2025-10-02T07:00:03+00:00\" \/>\n<meta property=\"og:image\" content=\"https:\/\/www.telemarkmuseum.no\/wp-content\/uploads\/Kranselag-2025-Venstop-sma-15.jpg\" \/>\n\t<meta property=\"og:image:width\" content=\"1051\" \/>\n\t<meta property=\"og:image:height\" content=\"510\" \/>\n\t<meta property=\"og:image:type\" content=\"image\/jpeg\" \/>\n<meta name=\"author\" content=\"Maria Lid\" \/>\n<meta name=\"twitter:card\" content=\"summary_large_image\" \/>\n<meta name=\"twitter:label1\" content=\"Written by\" \/>\n\t<meta name=\"twitter:data1\" content=\"Maria Lid\" \/>\n<script type=\"application\/ld+json\" class=\"yoast-schema-graph\">{\"@context\":\"https:\/\/schema.org\",\"@graph\":[{\"@type\":\"Article\",\"@id\":\"https:\/\/www.telemarkmuseum.no\/en\/topping-off-25-09-25\/#article\",\"isPartOf\":{\"@id\":\"https:\/\/www.telemarkmuseum.no\/en\/topping-off-25-09-25\/\"},\"author\":{\"name\":\"Maria Lid\",\"@id\":\"https:\/\/www.telemarkmuseum.no\/#\/schema\/person\/4406c5b61f44724cf368cc0a18a72f94\"},\"headline\":\"Topping-Off 25.09.25\",\"datePublished\":\"2025-09-26T11:08:27+00:00\",\"dateModified\":\"2025-10-02T07:00:03+00:00\",\"mainEntityOfPage\":{\"@id\":\"https:\/\/www.telemarkmuseum.no\/en\/topping-off-25-09-25\/\"},\"wordCount\":1,\"publisher\":{\"@id\":\"https:\/\/www.telemarkmuseum.no\/#organization\"},\"image\":{\"@id\":\"https:\/\/www.telemarkmuseum.no\/en\/topping-off-25-09-25\/#primaryimage\"},\"thumbnailUrl\":\"https:\/\/www.telemarkmuseum.no\/wp-content\/uploads\/Kranselag-2025-Venstop-sma-15.jpg\",\"keywords\":[\"Henrik Ibsen museum\",\"kranselag\"],\"articleSection\":[\"Latest News\",\"The Henrik Ibsen Museum\"],\"inLanguage\":\"en-US\"},{\"@type\":\"WebPage\",\"@id\":\"https:\/\/www.telemarkmuseum.no\/en\/topping-off-25-09-25\/\",\"url\":\"https:\/\/www.telemarkmuseum.no\/en\/topping-off-25-09-25\/\",\"name\":\"Topping-Off 25.09.25 - Telemark museum\",\"isPartOf\":{\"@id\":\"https:\/\/www.telemarkmuseum.no\/#website\"},\"primaryImageOfPage\":{\"@id\":\"https:\/\/www.telemarkmuseum.no\/en\/topping-off-25-09-25\/#primaryimage\"},\"image\":{\"@id\":\"https:\/\/www.telemarkmuseum.no\/en\/topping-off-25-09-25\/#primaryimage\"},\"thumbnailUrl\":\"https:\/\/www.telemarkmuseum.no\/wp-content\/uploads\/Kranselag-2025-Venstop-sma-15.jpg\",\"datePublished\":\"2025-09-26T11:08:27+00:00\",\"dateModified\":\"2025-10-02T07:00:03+00:00\",\"breadcrumb\":{\"@id\":\"https:\/\/www.telemarkmuseum.no\/en\/topping-off-25-09-25\/#breadcrumb\"},\"inLanguage\":\"en-US\",\"potentialAction\":[{\"@type\":\"ReadAction\",\"target\":[\"https:\/\/www.telemarkmuseum.no\/en\/topping-off-25-09-25\/\"]}]},{\"@type\":\"ImageObject\",\"inLanguage\":\"en-US\",\"@id\":\"https:\/\/www.telemarkmuseum.no\/en\/topping-off-25-09-25\/#primaryimage\",\"url\":\"https:\/\/www.telemarkmuseum.no\/wp-content\/uploads\/Kranselag-2025-Venstop-sma-15.jpg\",\"contentUrl\":\"https:\/\/www.telemarkmuseum.no\/wp-content\/uploads\/Kranselag-2025-Venstop-sma-15.jpg\",\"width\":1051,\"height\":510,\"caption\":\"Deltagere p\u00e5\"},{\"@type\":\"BreadcrumbList\",\"@id\":\"https:\/\/www.telemarkmuseum.no\/en\/topping-off-25-09-25\/#breadcrumb\",\"itemListElement\":[{\"@type\":\"ListItem\",\"position\":1,\"name\":\"Home\",\"item\":\"https:\/\/www.telemarkmuseum.no\/en\/\"},{\"@type\":\"ListItem\",\"position\":2,\"name\":\"Topping-Off 25.09.25\"}]},{\"@type\":\"WebSite\",\"@id\":\"https:\/\/www.telemarkmuseum.no\/#website\",\"url\":\"https:\/\/www.telemarkmuseum.no\/\",\"name\":\"Telemark museum\",\"description\":\"\",\"publisher\":{\"@id\":\"https:\/\/www.telemarkmuseum.no\/#organization\"},\"potentialAction\":[{\"@type\":\"SearchAction\",\"target\":{\"@type\":\"EntryPoint\",\"urlTemplate\":\"https:\/\/www.telemarkmuseum.no\/?s={search_term_string}\"},\"query-input\":{\"@type\":\"PropertyValueSpecification\",\"valueRequired\":true,\"valueName\":\"search_term_string\"}}],\"inLanguage\":\"en-US\"},{\"@type\":\"Organization\",\"@id\":\"https:\/\/www.telemarkmuseum.no\/#organization\",\"name\":\"Telemark museum\",\"url\":\"https:\/\/www.telemarkmuseum.no\/\",\"logo\":{\"@type\":\"ImageObject\",\"inLanguage\":\"en-US\",\"@id\":\"https:\/\/www.telemarkmuseum.no\/#\/schema\/logo\/image\/\",\"url\":\"https:\/\/www.telemarkmuseum.no\/wp-content\/uploads\/logo.svg\",\"contentUrl\":\"https:\/\/www.telemarkmuseum.no\/wp-content\/uploads\/logo.svg\",\"caption\":\"Telemark museum\"},\"image\":{\"@id\":\"https:\/\/www.telemarkmuseum.no\/#\/schema\/logo\/image\/\"}},{\"@type\":\"Person\",\"@id\":\"https:\/\/www.telemarkmuseum.no\/#\/schema\/person\/4406c5b61f44724cf368cc0a18a72f94\",\"name\":\"Maria Lid\",\"image\":{\"@type\":\"ImageObject\",\"inLanguage\":\"en-US\",\"@id\":\"https:\/\/www.telemarkmuseum.no\/#\/schema\/person\/image\/\",\"url\":\"https:\/\/secure.gravatar.com\/avatar\/d9f98d5c8711404d9a61a049d6edb925211801aeab9dcc7080946b107c09d48f?s=96&d=mm&r=g\",\"contentUrl\":\"https:\/\/secure.gravatar.com\/avatar\/d9f98d5c8711404d9a61a049d6edb925211801aeab9dcc7080946b107c09d48f?s=96&d=mm&r=g\",\"caption\":\"Maria Lid\"}}]}<\/script>\n<!-- \/ Yoast SEO Premium plugin. -->","yoast_head_json":{"title":"Topping-Off 25.09.25 - Telemark museum","robots":{"index":"index","follow":"follow","max-snippet":"max-snippet:-1","max-image-preview":"max-image-preview:large","max-video-preview":"max-video-preview:-1"},"canonical":"https:\/\/www.telemarkmuseum.no\/en\/topping-off-25-09-25\/","og_locale":"en_US","og_type":"article","og_title":"Topping-Off 25.09.25","og_url":"https:\/\/www.telemarkmuseum.no\/en\/topping-off-25-09-25\/","og_site_name":"Telemark museum","article_published_time":"2025-09-26T11:08:27+00:00","article_modified_time":"2025-10-02T07:00:03+00:00","og_image":[{"width":1051,"height":510,"url":"https:\/\/www.telemarkmuseum.no\/wp-content\/uploads\/Kranselag-2025-Venstop-sma-15.jpg","type":"image\/jpeg"}],"author":"Maria Lid","twitter_card":"summary_large_image","twitter_misc":{"Written by":"Maria Lid"},"schema":{"@context":"https:\/\/schema.org","@graph":[{"@type":"Article","@id":"https:\/\/www.telemarkmuseum.no\/en\/topping-off-25-09-25\/#article","isPartOf":{"@id":"https:\/\/www.telemarkmuseum.no\/en\/topping-off-25-09-25\/"},"author":{"name":"Maria Lid","@id":"https:\/\/www.telemarkmuseum.no\/#\/schema\/person\/4406c5b61f44724cf368cc0a18a72f94"},"headline":"Topping-Off 25.09.25","datePublished":"2025-09-26T11:08:27+00:00","dateModified":"2025-10-02T07:00:03+00:00","mainEntityOfPage":{"@id":"https:\/\/www.telemarkmuseum.no\/en\/topping-off-25-09-25\/"},"wordCount":1,"publisher":{"@id":"https:\/\/www.telemarkmuseum.no\/#organization"},"image":{"@id":"https:\/\/www.telemarkmuseum.no\/en\/topping-off-25-09-25\/#primaryimage"},"thumbnailUrl":"https:\/\/www.telemarkmuseum.no\/wp-content\/uploads\/Kranselag-2025-Venstop-sma-15.jpg","keywords":["Henrik Ibsen museum","kranselag"],"articleSection":["Latest News","The Henrik Ibsen Museum"],"inLanguage":"en-US"},{"@type":"WebPage","@id":"https:\/\/www.telemarkmuseum.no\/en\/topping-off-25-09-25\/","url":"https:\/\/www.telemarkmuseum.no\/en\/topping-off-25-09-25\/","name":"Topping-Off 25.09.25 - Telemark museum","isPartOf":{"@id":"https:\/\/www.telemarkmuseum.no\/#website"},"primaryImageOfPage":{"@id":"https:\/\/www.telemarkmuseum.no\/en\/topping-off-25-09-25\/#primaryimage"},"image":{"@id":"https:\/\/www.telemarkmuseum.no\/en\/topping-off-25-09-25\/#primaryimage"},"thumbnailUrl":"https:\/\/www.telemarkmuseum.no\/wp-content\/uploads\/Kranselag-2025-Venstop-sma-15.jpg","datePublished":"2025-09-26T11:08:27+00:00","dateModified":"2025-10-02T07:00:03+00:00","breadcrumb":{"@id":"https:\/\/www.telemarkmuseum.no\/en\/topping-off-25-09-25\/#breadcrumb"},"inLanguage":"en-US","potentialAction":[{"@type":"ReadAction","target":["https:\/\/www.telemarkmuseum.no\/en\/topping-off-25-09-25\/"]}]},{"@type":"ImageObject","inLanguage":"en-US","@id":"https:\/\/www.telemarkmuseum.no\/en\/topping-off-25-09-25\/#primaryimage","url":"https:\/\/www.telemarkmuseum.no\/wp-content\/uploads\/Kranselag-2025-Venstop-sma-15.jpg","contentUrl":"https:\/\/www.telemarkmuseum.no\/wp-content\/uploads\/Kranselag-2025-Venstop-sma-15.jpg","width":1051,"height":510,"caption":"Deltagere p\u00e5"},{"@type":"BreadcrumbList","@id":"https:\/\/www.telemarkmuseum.no\/en\/topping-off-25-09-25\/#breadcrumb","itemListElement":[{"@type":"ListItem","position":1,"name":"Home","item":"https:\/\/www.telemarkmuseum.no\/en\/"},{"@type":"ListItem","position":2,"name":"Topping-Off 25.09.25"}]},{"@type":"WebSite","@id":"https:\/\/www.telemarkmuseum.no\/#website","url":"https:\/\/www.telemarkmuseum.no\/","name":"Telemark museum","description":"","publisher":{"@id":"https:\/\/www.telemarkmuseum.no\/#organization"},"potentialAction":[{"@type":"SearchAction","target":{"@type":"EntryPoint","urlTemplate":"https:\/\/www.telemarkmuseum.no\/?s={search_term_string}"},"query-input":{"@type":"PropertyValueSpecification","valueRequired":true,"valueName":"search_term_string"}}],"inLanguage":"en-US"},{"@type":"Organization","@id":"https:\/\/www.telemarkmuseum.no\/#organization","name":"Telemark museum","url":"https:\/\/www.telemarkmuseum.no\/","logo":{"@type":"ImageObject","inLanguage":"en-US","@id":"https:\/\/www.telemarkmuseum.no\/#\/schema\/logo\/image\/","url":"https:\/\/www.telemarkmuseum.no\/wp-content\/uploads\/logo.svg","contentUrl":"https:\/\/www.telemarkmuseum.no\/wp-content\/uploads\/logo.svg","caption":"Telemark museum"},"image":{"@id":"https:\/\/www.telemarkmuseum.no\/#\/schema\/logo\/image\/"}},{"@type":"Person","@id":"https:\/\/www.telemarkmuseum.no\/#\/schema\/person\/4406c5b61f44724cf368cc0a18a72f94","name":"Maria Lid","image":{"@type":"ImageObject","inLanguage":"en-US","@id":"https:\/\/www.telemarkmuseum.no\/#\/schema\/person\/image\/","url":"https:\/\/secure.gravatar.com\/avatar\/d9f98d5c8711404d9a61a049d6edb925211801aeab9dcc7080946b107c09d48f?s=96&d=mm&r=g","contentUrl":"https:\/\/secure.gravatar.com\/avatar\/d9f98d5c8711404d9a61a049d6edb925211801aeab9dcc7080946b107c09d48f?s=96&d=mm&r=g","caption":"Maria Lid"}}]}},"_links":{"self":[{"href":"https:\/\/www.telemarkmuseum.no\/en\/wp-json\/wp\/v2\/posts\/143112","targetHints":{"allow":["GET"]}}],"collection":[{"href":"https:\/\/www.telemarkmuseum.no\/en\/wp-json\/wp\/v2\/posts"}],"about":[{"href":"https:\/\/www.telemarkmuseum.no\/en\/wp-json\/wp\/v2\/types\/post"}],"author":[{"embeddable":true,"href":"https:\/\/www.telemarkmuseum.no\/en\/wp-json\/wp\/v2\/users\/13"}],"replies":[{"embeddable":true,"href":"https:\/\/www.telemarkmuseum.no\/en\/wp-json\/wp\/v2\/comments?post=143112"}],"version-history":[{"count":1,"href":"https:\/\/www.telemarkmuseum.no\/en\/wp-json\/wp\/v2\/posts\/143112\/revisions"}],"predecessor-version":[{"id":143113,"href":"https:\/\/www.telemarkmuseum.no\/en\/wp-json\/wp\/v2\/posts\/143112\/revisions\/143113"}],"wp:featuredmedia":[{"embeddable":true,"href":"https:\/\/www.telemarkmuseum.no\/en\/wp-json\/wp\/v2\/media\/143058"}],"wp:attachment":[{"href":"https:\/\/www.telemarkmuseum.no\/en\/wp-json\/wp\/v2\/media?parent=143112"}],"wp:term":[{"taxonomy":"category","embeddable":true,"href":"https:\/\/www.telemarkmuseum.no\/en\/wp-json\/wp\/v2\/categories?post=143112"},{"taxonomy":"post_tag","embeddable":true,"href":"https:\/\/www.telemarkmuseum.no\/en\/wp-json\/wp\/v2\/tags?post=143112"}],"curies":[{"name":"wp","href":"https:\/\/api.w.org\/{rel}","templated":true}]}}